{"id":5029,"date":"2026-04-27T09:23:10","date_gmt":"2026-04-27T09:23:10","guid":{"rendered":"https:\/\/rostocker-hof.de\/?p=5029"},"modified":"2026-04-27T09:29:15","modified_gmt":"2026-04-27T09:29:15","slug":"fotoausstellung-menschen-mit-behinderung-vom-5-bis-15-mai","status":"publish","type":"post","link":"https:\/\/rostocker-hof.de\/en\/fotoausstellung-menschen-mit-behinderung-vom-5-bis-15-mai\/","title":{"rendered":"Fotoschau &#8222;Menschen mit Behinderung&#8220; vom 5. bis 15. Mai"},"content":{"rendered":"<div data-elementor-type=\"wp-post\" data-elementor-id=\"5029\" class=\"elementor elementor-5029\" data-elementor-settings=\"[]\">\r\n\t\t\t\t\t\t<div class=\"elementor-inner\">\r\n\t\t\t\t\t\t\t<div class=\"elementor-section-wrap\">\r\n\t\t\t\t\t\t\t<section class=\"elementor-section elementor-top-section elementor-element elementor-element-2818fd3f elementor-section-boxed elementor-section-height-default elementor-section-height-default\" data-id=\"2818fd3f\" data-element_type=\"section\">\r\n\t\t\t\t\t\t<div class=\"elementor-container elementor-column-gap-default\">\r\n\t\t\t\t\t\t\t<div class=\"elementor-row\">\r\n\t\t\t\t\t<div class=\"elementor-column elementor-col-33 elementor-top-column elementor-element elementor-element-78f66ec1 elementor-hidden-phone\" data-id=\"78f66ec1\" data-element_type=\"column\">\r\n\t\t\t<div class=\"elementor-column-wrap elementor-element-populated\">\r\n\t\t\t\t\t\t\t<div class=\"elementor-widget-wrap\">\r\n\t\t\t\t\t\t<div class=\"elementor-element elementor-element-75420a00 elementor-icon-list--layout-inline elementor-list-item-link-full_width elementor-widget elementor-widget-icon-list\" data-id=\"75420a00\" data-element_type=\"widget\" data-widget_type=\"icon-list.default\">\r\n\t\t\t\t<div class=\"elementor-widget-container\">\r\n\t\t\t\t\t<ul class=\"elementor-icon-list-items elementor-inline-items\">\r\n\t\t\t\t\t\t\t<li class=\"elementor-icon-list-item elementor-inline-item\">\r\n\t\t\t\t\t\t\t\t\t\t\t<span class=\"elementor-icon-list-icon\">\r\n\t\t\t\t\t\t\t<i aria-hidden=\"true\" class=\"fas fa-location-arrow\"><\/i>\t\t\t\t\t\t<\/span>\r\n\t\t\t\t\t\t\t\t\t\t<span class=\"elementor-icon-list-text\">Schwaansche Stra\u00dfe 6a, 18055 Rostock<\/span>\r\n\t\t\t\t\t\t\t\t\t<\/li>\r\n\t\t\t\t\t\t\t\t<li class=\"elementor-icon-list-item elementor-inline-item\">\r\n\t\t\t\t\t\t\t\t\t\t\t<span class=\"elementor-icon-list-icon\">\r\n\t\t\t\t\t\t\t<i aria-hidden=\"true\" class=\"fas fa-phone-square-alt\"><\/i>\t\t\t\t\t\t<\/span>\r\n\t\t\t\t\t\t\t\t\t\t<span class=\"elementor-icon-list-text\">0381 497 43-0<\/span>\r\n\t\t\t\t\t\t\t\t\t<\/li>\r\n\t\t\t\t\t\t\t\t<li class=\"elementor-icon-list-item elementor-inline-item\">\r\n\t\t\t\t\t<a href=\"mailto:info@rostocker-hof.de\">\t\t\t\t\t\t<span class=\"elementor-icon-list-icon\">\r\n\t\t\t\t\t\t\t<i aria-hidden=\"true\" class=\"fas fa-envelope\"><\/i>\t\t\t\t\t\t<\/span>\r\n\t\t\t\t\t\t\t\t\t\t<span class=\"elementor-icon-list-text\">info@rostocker-hof.de<\/span>\r\n\t\t\t\t\t\t\t\t\t\t\t<\/a>\r\n\t\t\t\t\t\t\t\t\t<\/li>\r\n\t\t\t\t\t\t<\/ul>\r\n\t\t\t\t<\/div>\r\n\t\t\t\t<\/div>\r\n\t\t\t\t\t\t<\/div>\r\n\t\t\t\t\t<\/div>\r\n\t\t<\/div>\r\n\t\t\t\t<div class=\"elementor-column elementor-col-33 elementor-top-column elementor-element elementor-element-40bbb006 elementor-hidden-tablet elementor-hidden-phone\" data-id=\"40bbb006\" data-element_type=\"column\">\r\n\t\t\t<div class=\"elementor-column-wrap elementor-element-populated\">\r\n\t\t\t\t\t\t\t<div class=\"elementor-widget-wrap\">\r\n\t\t\t\t\t\t<div class=\"elementor-element elementor-element-4cb9c34f hfe-nav-menu__align-right hfe-nav-menu__breakpoint-none hfe-submenu-icon-arrow hfe-submenu-animation-none hfe-link-redirect-child elementor-widget elementor-widget-navigation-menu\" data-id=\"4cb9c34f\" data-element_type=\"widget\" data-widget_type=\"navigation-menu.default\">\r\n\t\t\t\t<div class=\"elementor-widget-container\">\r\n\t\t\t\t\t\t<div class=\"hfe-nav-menu hfe-layout-horizontal hfe-nav-menu-layout horizontal hfe-pointer__none\" data-layout=\"horizontal\">\r\n\t\t\t\t<div class=\"hfe-nav-menu__toggle elementor-clickable\">\r\n\t\t\t\t\t<div class=\"hfe-nav-menu-icon\">\r\n\t\t\t\t\t\t\t\t\t\t\t<\/div>\r\n\t\t\t\t<\/div>\r\n\t\t\t\t<nav class=\"hfe-nav-menu__layout-horizontal hfe-nav-menu__submenu-arrow\" data-toggle-icon=\"\" data-close-icon=\"\" data-full-width=\"\"><ul id=\"menu-1-4cb9c34f\" class=\"hfe-nav-menu\"><li id=\"menu-item-949\" class=\"menu-item menu-item-type-post_type menu-item-object-page parent hfe-creative-menu\"><a href=\"https:\/\/rostocker-hof.de\/en\/kontakt\/\" class = \"hfe-menu-item\">Kontakt<\/a><\/li>\n<li id=\"menu-item-966\" class=\"menu-item menu-item-type-post_type menu-item-object-page parent hfe-creative-menu\"><a href=\"https:\/\/rostocker-hof.de\/en\/impressum\/\" class = \"hfe-menu-item\">Impressum<\/a><\/li>\n<li id=\"menu-item-948\" class=\"menu-item menu-item-type-post_type menu-item-object-page menu-item-privacy-policy parent hfe-creative-menu\"><a href=\"https:\/\/rostocker-hof.de\/en\/datenschutz\/\" class = \"hfe-menu-item\">Datenschutz<\/a><\/li>\n<\/ul><\/nav>              \r\n\t\t\t<\/div>\r\n\t\t\t\t\t<\/div>\r\n\t\t\t\t<\/div>\r\n\t\t\t\t\t\t<\/div>\r\n\t\t\t\t\t<\/div>\r\n\t\t<\/div>\r\n\t\t\t\t<div class=\"elementor-column elementor-col-33 elementor-top-column elementor-element elementor-element-7e09ac63\" data-id=\"7e09ac63\" data-element_type=\"column\">\r\n\t\t\t<div class=\"elementor-column-wrap elementor-element-populated\">\r\n\t\t\t\t\t\t\t<div class=\"elementor-widget-wrap\">\r\n\t\t\t\t\t\t<div class=\"elementor-element elementor-element-24261b54 hfe-nav-menu__align-right hfe-nav-menu__breakpoint-none hfe-submenu-icon-arrow hfe-submenu-animation-none hfe-link-redirect-child elementor-widget elementor-widget-navigation-menu\" data-id=\"24261b54\" data-element_type=\"widget\" data-widget_type=\"navigation-menu.default\">\r\n\t\t\t\t<div class=\"elementor-widget-container\">\r\n\t\t\t\t\t\t<div class=\"hfe-nav-menu hfe-layout-horizontal hfe-nav-menu-layout horizontal hfe-pointer__none\" data-layout=\"horizontal\">\r\n\t\t\t\t<div class=\"hfe-nav-menu__toggle elementor-clickable\">\r\n\t\t\t\t\t<div class=\"hfe-nav-menu-icon\">\r\n\t\t\t\t\t\t\t\t\t\t\t<\/div>\r\n\t\t\t\t<\/div>\r\n\t\t\t\t<nav class=\"hfe-nav-menu__layout-horizontal hfe-nav-menu__submenu-arrow\" data-toggle-icon=\"\" data-close-icon=\"\" data-full-width=\"\"><\/nav>              \r\n\t\t\t<\/div>\r\n\t\t\t\t\t<\/div>\r\n\t\t\t\t<\/div>\r\n\t\t\t\t\t\t<\/div>\r\n\t\t\t\t\t<\/div>\r\n\t\t<\/div>\r\n\t\t\t\t\t\t\t\t<\/div>\r\n\t\t\t\t\t<\/div>\r\n\t\t<\/section>\r\n\t\t\t\t<section class=\"elementor-section elementor-top-section elementor-element elementor-element-2863f52 elementor-section-boxed elementor-section-height-default elementor-section-height-default\" data-id=\"2863f52\" data-element_type=\"section\">\r\n\t\t\t\t\t\t<div class=\"elementor-container elementor-column-gap-default\">\r\n\t\t\t\t\t\t\t<div class=\"elementor-row\">\r\n\t\t\t\t\t<div class=\"elementor-column elementor-col-50 elementor-top-column elementor-element elementor-element-fe715bf\" data-id=\"fe715bf\" data-element_type=\"column\">\r\n\t\t\t<div class=\"elementor-column-wrap elementor-element-populated\">\r\n\t\t\t\t\t\t\t<div class=\"elementor-widget-wrap\">\r\n\t\t\t\t\t\t<div class=\"elementor-element elementor-element-23cbe2cd elementor-widget elementor-widget-image\" data-id=\"23cbe2cd\" data-element_type=\"widget\" data-widget_type=\"image.default\">\r\n\t\t\t\t<div class=\"elementor-widget-container\">\r\n\t\t\t\t\t<div class=\"elementor-image\">\r\n\t\t\t\t\t\t\t\t\t\t\t<a href=\"https:\/\/rostocker-hof.de\/home\/\">\r\n\t\t\t\t\t\t\t<img src=\"https:\/\/rostocker-hof.de\/wp-content\/uploads\/elementor\/thumbs\/GRH_Logo-rb2ededm3ovqv3e5plgyyqxk9y6xc8033f8g7xn50i.png\" title=\"GRH_Logo\" alt=\"GRH_Logo\" \/>\t\t\t\t\t\t\t\t<\/a>\r\n\t\t\t\t\t\t\t\t\t\t\t<\/div>\r\n\t\t\t\t<\/div>\r\n\t\t\t\t<\/div>\r\n\t\t\t\t\t\t<\/div>\r\n\t\t\t\t\t<\/div>\r\n\t\t<\/div>\r\n\t\t\t\t<div class=\"elementor-column elementor-col-50 elementor-top-column elementor-element elementor-element-95bd35a\" data-id=\"95bd35a\" data-element_type=\"column\">\r\n\t\t\t<div class=\"elementor-column-wrap elementor-element-populated\">\r\n\t\t\t\t\t\t\t<div class=\"elementor-widget-wrap\">\r\n\t\t\t\t\t\t<div class=\"elementor-element elementor-element-30bd3a79 hfe-nav-menu__align-right hfe-submenu-animation-slide_up hfe-submenu-icon-arrow hfe-link-redirect-child hfe-nav-menu__breakpoint-tablet elementor-widget elementor-widget-navigation-menu\" data-id=\"30bd3a79\" data-element_type=\"widget\" data-widget_type=\"navigation-menu.default\">\r\n\t\t\t\t<div class=\"elementor-widget-container\">\r\n\t\t\t\t\t\t<div class=\"hfe-nav-menu hfe-layout-horizontal hfe-nav-menu-layout horizontal hfe-pointer__none\" data-layout=\"horizontal\">\r\n\t\t\t\t<div class=\"hfe-nav-menu__toggle elementor-clickable\">\r\n\t\t\t\t\t<div class=\"hfe-nav-menu-icon\">\r\n\t\t\t\t\t\t<i aria-hidden=\"true\" tabindex=\"0\" class=\"fas fa-align-justify\"><\/i>\t\t\t\t\t<\/div>\r\n\t\t\t\t<\/div>\r\n\t\t\t\t<nav class=\"hfe-nav-menu__layout-horizontal hfe-nav-menu__submenu-arrow\" data-toggle-icon=\"&lt;i aria-hidden=&quot;true&quot; tabindex=&quot;0&quot; class=&quot;fas fa-align-justify&quot;&gt;&lt;\/i&gt;\" data-close-icon=\"&lt;i aria-hidden=&quot;true&quot; tabindex=&quot;0&quot; class=&quot;far fa-window-close&quot;&gt;&lt;\/i&gt;\" data-full-width=\"yes\"><ul id=\"menu-1-30bd3a79\" class=\"hfe-nav-menu\"><li id=\"menu-item-1690\" class=\"menu-item menu-item-type-post_type menu-item-object-page menu-item-home parent hfe-creative-menu\"><a href=\"https:\/\/rostocker-hof.de\/\" class = \"hfe-menu-item\">Home<\/a><\/li>\n<li id=\"menu-item-559\" class=\"menu-item menu-item-type-custom menu-item-object-custom menu-item-has-children parent hfe-has-submenu hfe-creative-menu\"><div class=\"hfe-has-submenu-container\"><a href=\"#\" class = \"hfe-menu-item\">Shopping<span class='hfe-menu-toggle sub-arrow hfe-menu-child-0'><i class='fa'><\/i><\/span><\/a><\/div>\n<ul class=\"sub-menu\">\n\t<li id=\"menu-item-254\" class=\"menu-item menu-item-type-post_type menu-item-object-page hfe-creative-menu\"><a href=\"https:\/\/rostocker-hof.de\/en\/shopping\/\" class = \"hfe-sub-menu-item\">Mieter\u00fcbersicht<\/a><\/li>\n\t<li id=\"menu-item-565\" class=\"menu-item menu-item-type-post_type menu-item-object-page hfe-creative-menu\"><a href=\"https:\/\/rostocker-hof.de\/en\/centerplaene\/\" class = \"hfe-sub-menu-item\">Centerpl\u00e4ne<\/a><\/li>\n<\/ul>\n<\/li>\n<li id=\"menu-item-4068\" class=\"menu-item menu-item-type-post_type menu-item-object-page parent hfe-creative-menu\"><a href=\"https:\/\/rostocker-hof.de\/en\/news-events\/\" class = \"hfe-menu-item\">News &#038; Events<\/a><\/li>\n<li id=\"menu-item-231\" class=\"menu-item menu-item-type-custom menu-item-object-custom menu-item-has-children parent hfe-has-submenu hfe-creative-menu\"><div class=\"hfe-has-submenu-container\"><a href=\"#\" class = \"hfe-menu-item\">Das Center<span class='hfe-menu-toggle sub-arrow hfe-menu-child-0'><i class='fa'><\/i><\/span><\/a><\/div>\n<ul class=\"sub-menu\">\n\t<li id=\"menu-item-769\" class=\"menu-item menu-item-type-post_type menu-item-object-page hfe-creative-menu\"><a href=\"https:\/\/rostocker-hof.de\/en\/team\/\" class = \"hfe-sub-menu-item\">Team<\/a><\/li>\n\t<li id=\"menu-item-778\" class=\"menu-item menu-item-type-post_type menu-item-object-page hfe-creative-menu\"><a href=\"https:\/\/rostocker-hof.de\/en\/imagefilm\/\" class = \"hfe-sub-menu-item\">Imagefilm<\/a><\/li>\n\t<li id=\"menu-item-989\" class=\"menu-item menu-item-type-post_type menu-item-object-page hfe-creative-menu\"><a href=\"https:\/\/rostocker-hof.de\/en\/partner\/\" class = \"hfe-sub-menu-item\">Partner<\/a><\/li>\n\t<li id=\"menu-item-999\" class=\"menu-item menu-item-type-post_type menu-item-object-page hfe-creative-menu\"><a href=\"https:\/\/rostocker-hof.de\/en\/anfahrt\/\" class = \"hfe-sub-menu-item\">Anfahrt<\/a><\/li>\n<\/ul>\n<\/li>\n<li id=\"menu-item-232\" class=\"menu-item menu-item-type-custom menu-item-object-custom menu-item-has-children parent hfe-has-submenu hfe-creative-menu\"><div class=\"hfe-has-submenu-container\"><a href=\"#\" class = \"hfe-menu-item\">Presse<span class='hfe-menu-toggle sub-arrow hfe-menu-child-0'><i class='fa'><\/i><\/span><\/a><\/div>\n<ul class=\"sub-menu\">\n\t<li id=\"menu-item-802\" class=\"menu-item menu-item-type-post_type menu-item-object-page hfe-creative-menu\"><a href=\"https:\/\/rostocker-hof.de\/en\/pressemitteilungen\/\" class = \"hfe-sub-menu-item\">Pressemitteilungen<\/a><\/li>\n\t<li id=\"menu-item-788\" class=\"menu-item menu-item-type-post_type menu-item-object-page hfe-creative-menu\"><a href=\"https:\/\/rostocker-hof.de\/en\/pressefotos\/\" class = \"hfe-sub-menu-item\">Pressefotos<\/a><\/li>\n<\/ul>\n<\/li>\n<li id=\"menu-item-938\" class=\"menu-item menu-item-type-post_type menu-item-object-page parent hfe-creative-menu\"><a href=\"https:\/\/rostocker-hof.de\/en\/kontakt\/\" class = \"hfe-menu-item\">Kontakt<\/a><\/li>\n<\/ul><\/nav>              \r\n\t\t\t<\/div>\r\n\t\t\t\t\t<\/div>\r\n\t\t\t\t<\/div>\r\n\t\t\t\t\t\t<\/div>\r\n\t\t\t\t\t<\/div>\r\n\t\t<\/div>\r\n\t\t\t\t\t\t\t\t<\/div>\r\n\t\t\t\t\t<\/div>\r\n\t\t<\/section>\r\n\t\t\t\t<section class=\"elementor-section elementor-top-section elementor-element elementor-element-3fab1d5a elementor-section-full_width elementor-section-height-default elementor-section-height-default\" data-id=\"3fab1d5a\" data-element_type=\"section\">\r\n\t\t\t\t\t\t<div class=\"elementor-container elementor-column-gap-default\">\r\n\t\t\t\t\t\t\t<div class=\"elementor-row\">\r\n\t\t\t\t\t<div class=\"elementor-column elementor-col-100 elementor-top-column elementor-element elementor-element-46d118c1\" data-id=\"46d118c1\" data-element_type=\"column\">\r\n\t\t\t<div class=\"elementor-column-wrap elementor-element-populated\">\r\n\t\t\t\t\t\t\t<div class=\"elementor-widget-wrap\">\r\n\t\t\t\t\t\t\t\t<\/div>\r\n\t\t\t\t\t<\/div>\r\n\t\t<\/div>\r\n\t\t\t\t\t\t\t\t<\/div>\r\n\t\t\t\t\t<\/div>\r\n\t\t<\/section>\r\n\t\t\t\t<section class=\"elementor-section elementor-top-section elementor-element elementor-element-35f0d063 elementor-section-stretched elementor-section-full_width elementor-section-height-default elementor-section-height-default\" data-id=\"35f0d063\" data-element_type=\"section\" data-settings=\"{&quot;stretch_section&quot;:&quot;section-stretched&quot;,&quot;background_background&quot;:&quot;classic&quot;}\">\r\n\t\t\t\t\t\t\t<div class=\"elementor-background-overlay\"><\/div>\r\n\t\t\t\t\t\t\t<div class=\"elementor-container elementor-column-gap-default\">\r\n\t\t\t\t\t\t\t<div class=\"elementor-row\">\r\n\t\t\t\t\t<div class=\"elementor-column elementor-col-100 elementor-top-column elementor-element elementor-element-4381436d\" data-id=\"4381436d\" data-element_type=\"column\" data-settings=\"{&quot;background_background&quot;:&quot;classic&quot;}\">\r\n\t\t\t<div class=\"elementor-column-wrap elementor-element-populated\">\r\n\t\t\t\t\t\t\t<div class=\"elementor-widget-wrap\">\r\n\t\t\t\t\t\t<section class=\"elementor-section elementor-inner-section elementor-element elementor-element-555eadef elementor-section-boxed elementor-section-height-default elementor-section-height-default\" data-id=\"555eadef\" data-element_type=\"section\">\r\n\t\t\t\t\t\t<div class=\"elementor-container elementor-column-gap-default\">\r\n\t\t\t\t\t\t\t<div class=\"elementor-row\">\r\n\t\t\t\t\t<div class=\"elementor-column elementor-col-100 elementor-inner-column elementor-element elementor-element-2ac5d02\" data-id=\"2ac5d02\" data-element_type=\"column\">\r\n\t\t\t<div class=\"elementor-column-wrap elementor-element-populated\">\r\n\t\t\t\t\t\t\t<div class=\"elementor-widget-wrap\">\r\n\t\t\t\t\t\t<div class=\"elementor-element elementor-element-126b5193 elementor-widget elementor-widget-heading\" data-id=\"126b5193\" data-element_type=\"widget\" data-widget_type=\"heading.default\">\r\n\t\t\t\t<div class=\"elementor-widget-container\">\r\n\t\t\t<h2 class=\"elementor-heading-title elementor-size-default\">Fotoschau \"Menschen mit Behinderung\" vom 5. bis 15. Mai im Rostocker Hof<\/h2>\t\t<\/div>\r\n\t\t\t\t<\/div>\r\n\t\t\t\t<div class=\"elementor-element elementor-element-59b6ba70 elementor-widget elementor-widget-text-editor\" data-id=\"59b6ba70\" data-element_type=\"widget\" data-widget_type=\"text-editor.default\">\r\n\t\t\t\t<div class=\"elementor-widget-container\">\r\n\t\t\t\t\t<div class=\"elementor-text-editor elementor-clearfix\"><\/div>\r\n\t\t\t\t<\/div>\r\n\t\t\t\t<\/div>\r\n\t\t\t\t\t\t<\/div>\r\n\t\t\t\t\t<\/div>\r\n\t\t<\/div>\r\n\t\t\t\t\t\t\t\t<\/div>\r\n\t\t\t\t\t<\/div>\r\n\t\t<\/section>\r\n\t\t\t\t\t\t<\/div>\r\n\t\t\t\t\t<\/div>\r\n\t\t<\/div>\r\n\t\t\t\t\t\t\t\t<\/div>\r\n\t\t\t\t\t<\/div>\r\n\t\t<\/section>\r\n\t\t\t\t<section class=\"elementor-section elementor-top-section elementor-element elementor-element-7aa10455 elementor-section-boxed elementor-section-height-default elementor-section-height-default\" data-id=\"7aa10455\" data-element_type=\"section\">\r\n\t\t\t\t\t\t<div class=\"elementor-container elementor-column-gap-default\">\r\n\t\t\t\t\t\t\t<div class=\"elementor-row\">\r\n\t\t\t\t\t<div class=\"elementor-column elementor-col-50 elementor-top-column elementor-element elementor-element-34d5f37c\" data-id=\"34d5f37c\" data-element_type=\"column\">\r\n\t\t\t<div class=\"elementor-column-wrap elementor-element-populated\">\r\n\t\t\t\t\t\t\t<div class=\"elementor-widget-wrap\">\r\n\t\t\t\t\t\t<div class=\"elementor-element elementor-element-5ca4743a elementor-widget elementor-widget-image\" data-id=\"5ca4743a\" data-element_type=\"widget\" data-widget_type=\"image.default\">\r\n\t\t\t\t<div class=\"elementor-widget-container\">\r\n\t\t\t\t\t<div class=\"elementor-image\">\r\n\t\t\t\t\t\t\t\t\t\t<img width=\"800\" height=\"512\" src=\"https:\/\/rostocker-hof.de\/wp-content\/uploads\/2026\/04\/Werbetafel-Rostocker-Hof-1080-x-1920-px-e1777282225780-1024x655.jpg\" class=\"attachment-large size-large\" alt=\"\" loading=\"lazy\" srcset=\"https:\/\/rostocker-hof.de\/wp-content\/uploads\/2026\/04\/Werbetafel-Rostocker-Hof-1080-x-1920-px-e1777282225780-1024x655.jpg 1024w, https:\/\/rostocker-hof.de\/wp-content\/uploads\/2026\/04\/Werbetafel-Rostocker-Hof-1080-x-1920-px-e1777282225780-300x192.jpg 300w, https:\/\/rostocker-hof.de\/wp-content\/uploads\/2026\/04\/Werbetafel-Rostocker-Hof-1080-x-1920-px-e1777282225780-768x491.jpg 768w, https:\/\/rostocker-hof.de\/wp-content\/uploads\/2026\/04\/Werbetafel-Rostocker-Hof-1080-x-1920-px-e1777282225780-18x12.jpg 18w, https:\/\/rostocker-hof.de\/wp-content\/uploads\/2026\/04\/Werbetafel-Rostocker-Hof-1080-x-1920-px-e1777282225780.jpg 1026w\" sizes=\"(max-width: 800px) 100vw, 800px\" \/>\t\t\t\t\t\t\t\t\t\t\t<\/div>\r\n\t\t\t\t<\/div>\r\n\t\t\t\t<\/div>\r\n\t\t\t\t\t\t<\/div>\r\n\t\t\t\t\t<\/div>\r\n\t\t<\/div>\r\n\t\t\t\t<div class=\"elementor-column elementor-col-50 elementor-top-column elementor-element elementor-element-cacd624\" data-id=\"cacd624\" data-element_type=\"column\">\r\n\t\t\t<div class=\"elementor-column-wrap elementor-element-populated\">\r\n\t\t\t\t\t\t\t<div class=\"elementor-widget-wrap\">\r\n\t\t\t\t\t\t<div class=\"elementor-element elementor-element-67adecf7 elementor-widget elementor-widget-text-editor\" data-id=\"67adecf7\" data-element_type=\"widget\" data-widget_type=\"text-editor.default\">\r\n\t\t\t\t<div class=\"elementor-widget-container\">\r\n\t\t\t\t\t<div class=\"elementor-text-editor elementor-clearfix\"><p><span style=\"color: #1e1e1e; font-family: 'Noto Serif'; white-space: pre-wrap; font-size: 1rem;\">Zum Europ\u00e4ischen Protesttag zur Gleichstellung von Menschen mit Behinderung zeigt der Rostocker Hof vom 5. bis zum 15. Mai 2026 die Fotoausstellung &#8222;Wir sind nicht still&#8220;. Er\u00f6ffnet wird die Schau am 5. Mai um 14.00 Uhr durch Rostocks Oberb\u00fcrgermeisterin Eva-Maria Kr\u00f6ger.<\/span><\/p><\/div>\r\n\t\t\t\t<\/div>\r\n\t\t\t\t<\/div>\r\n\t\t\t\t<div class=\"elementor-element elementor-element-48c4ad98 elementor-widget elementor-widget-button\" data-id=\"48c4ad98\" data-element_type=\"widget\" data-widget_type=\"button.default\">\r\n\t\t\t\t<div class=\"elementor-widget-container\">\r\n\t\t\t\t\t<div class=\"elementor-button-wrapper\">\r\n\t\t\t<a href=\"https:\/\/rostocker-hof.de\/en\/pressemitteilungen\/\" class=\"elementor-button-link elementor-button elementor-size-sm\" role=\"button\">\r\n\t\t\t\t\t\t<span class=\"elementor-button-content-wrapper\">\r\n\t\t\t\t\t\t<span class=\"elementor-button-icon elementor-align-icon-right\">\r\n\t\t\t\t<i aria-hidden=\"true\" class=\"far fa-arrow-alt-circle-right\"><\/i>\t\t\t<\/span>\r\n\t\t\t\t\t\t<span class=\"elementor-button-text\">zur\u00fcck<\/span>\r\n\t\t<\/span>\r\n\t\t\t\t\t<\/a>\r\n\t\t<\/div>\r\n\t\t\t\t<\/div>\r\n\t\t\t\t<\/div>\r\n\t\t\t\t\t\t<\/div>\r\n\t\t\t\t\t<\/div>\r\n\t\t<\/div>\r\n\t\t\t\t\t\t\t\t<\/div>\r\n\t\t\t\t\t<\/div>\r\n\t\t<\/section>\r\n\t\t\t\t<section class=\"elementor-section elementor-top-section elementor-element elementor-element-1160f37f elementor-section-full_width elementor-section-height-default elementor-section-height-default\" data-id=\"1160f37f\" data-element_type=\"section\" data-settings=\"{&quot;background_background&quot;:&quot;classic&quot;}\">\r\n\t\t\t\t\t\t<div class=\"elementor-container elementor-column-gap-default\">\r\n\t\t\t\t\t\t\t<div class=\"elementor-row\">\r\n\t\t\t\t\t<div class=\"elementor-column elementor-col-100 elementor-top-column elementor-element elementor-element-5fe5e44d\" data-id=\"5fe5e44d\" data-element_type=\"column\" data-settings=\"{&quot;background_background&quot;:&quot;classic&quot;}\">\r\n\t\t\t<div class=\"elementor-column-wrap elementor-element-populated\">\r\n\t\t\t\t\t\t\t<div class=\"elementor-widget-wrap\">\r\n\t\t\t\t\t\t<div class=\"elementor-element elementor-element-2bebd66 elementor-widget elementor-widget-spacer\" data-id=\"2bebd66\" data-element_type=\"widget\" data-widget_type=\"spacer.default\">\r\n\t\t\t\t<div class=\"elementor-widget-container\">\r\n\t\t\t\t\t<div class=\"elementor-spacer\">\r\n\t\t\t<div class=\"elementor-spacer-inner\"><\/div>\r\n\t\t<\/div>\r\n\t\t\t\t<\/div>\r\n\t\t\t\t<\/div>\r\n\t\t\t\t\t\t<\/div>\r\n\t\t\t\t\t<\/div>\r\n\t\t<\/div>\r\n\t\t\t\t\t\t\t\t<\/div>\r\n\t\t\t\t\t<\/div>\r\n\t\t<\/section>\r\n\t\t\t\t<section class=\"elementor-section elementor-top-section elementor-element elementor-element-70f054f0 elementor-section-stretched elementor-section-content-bottom elementor-section-boxed elementor-section-height-default elementor-section-height-default\" data-id=\"70f054f0\" data-element_type=\"section\" data-settings=\"{&quot;stretch_section&quot;:&quot;section-stretched&quot;,&quot;background_background&quot;:&quot;classic&quot;}\">\r\n\t\t\t\t\t\t<div class=\"elementor-container elementor-column-gap-default\">\r\n\t\t\t\t\t\t\t<div class=\"elementor-row\">\r\n\t\t\t\t\t<div class=\"elementor-column elementor-col-100 elementor-top-column elementor-element elementor-element-12ee4d39\" data-id=\"12ee4d39\" data-element_type=\"column\">\r\n\t\t\t<div class=\"elementor-column-wrap elementor-element-populated\">\r\n\t\t\t\t\t\t\t<div class=\"elementor-widget-wrap\">\r\n\t\t\t\t\t\t<section class=\"elementor-section elementor-inner-section elementor-element elementor-element-3bbb72c0 elementor-section-full_width elementor-section-height-default elementor-section-height-default\" data-id=\"3bbb72c0\" data-element_type=\"section\">\r\n\t\t\t\t\t\t<div class=\"elementor-container elementor-column-gap-default\">\r\n\t\t\t\t\t\t\t<div class=\"elementor-row\">\r\n\t\t\t\t\t<div class=\"elementor-column elementor-col-50 elementor-inner-column elementor-element elementor-element-42b86c24\" data-id=\"42b86c24\" data-element_type=\"column\">\r\n\t\t\t<div class=\"elementor-column-wrap elementor-element-populated\">\r\n\t\t\t\t\t\t\t<div class=\"elementor-widget-wrap\">\r\n\t\t\t\t\t\t<div class=\"elementor-element elementor-element-15ec0b46 elementor-widget elementor-widget-text-editor\" data-id=\"15ec0b46\" data-element_type=\"widget\" data-widget_type=\"text-editor.default\">\r\n\t\t\t\t<div class=\"elementor-widget-container\">\r\n\t\t\t\t\t<div class=\"elementor-text-editor elementor-clearfix\"><p><strong>Werbegemeinschaft Galerie Rostocker Hof GbR<\/strong><br \/>Schwaansche\u00a0Stra\u00dfe 6a<br \/>18055 Rostock<\/p><\/div>\r\n\t\t\t\t<\/div>\r\n\t\t\t\t<\/div>\r\n\t\t\t\t\t\t<\/div>\r\n\t\t\t\t\t<\/div>\r\n\t\t<\/div>\r\n\t\t\t\t<div class=\"elementor-column elementor-col-50 elementor-inner-column elementor-element elementor-element-30131513\" data-id=\"30131513\" data-element_type=\"column\">\r\n\t\t\t<div class=\"elementor-column-wrap elementor-element-populated\">\r\n\t\t\t\t\t\t\t<div class=\"elementor-widget-wrap\">\r\n\t\t\t\t\t\t<div class=\"elementor-element elementor-element-e4be661 elementor-widget elementor-widget-text-editor\" data-id=\"e4be661\" data-element_type=\"widget\" data-widget_type=\"text-editor.default\">\r\n\t\t\t\t<div class=\"elementor-widget-container\">\r\n\t\t\t\t\t<div class=\"elementor-text-editor elementor-clearfix\"><p><a href=\"https:\/\/rostocker-hof.de\/en\/kontakt\/\">KONTAKT<\/a> \/ <a href=\"https:\/\/rostocker-hof.de\/en\/impressum\/\">IMPRESSUM<\/a> \/ <a href=\"https:\/\/rostocker-hof.de\/en\/datenschutz\/\">Datenschutz<\/a><\/p><\/div>\r\n\t\t\t\t<\/div>\r\n\t\t\t\t<\/div>\r\n\t\t\t\t\t\t<\/div>\r\n\t\t\t\t\t<\/div>\r\n\t\t<\/div>\r\n\t\t\t\t\t\t\t\t<\/div>\r\n\t\t\t\t\t<\/div>\r\n\t\t<\/section>\r\n\t\t\t\t\t\t<\/div>\r\n\t\t\t\t\t<\/div>\r\n\t\t<\/div>\r\n\t\t\t\t\t\t\t\t<\/div>\r\n\t\t\t\t\t<\/div>\r\n\t\t<\/section>\r\n\t\t\t\t\t\t<\/div>\r\n\t\t\t\t\t\t<\/div>\r\n\t\t\t\t\t<\/div>","protected":false},"excerpt":{"rendered":"<p>Schwaansche Stra\u00dfe 6a, 18055 Rostock 0381 497 43-0 info@rostocker-hof.de Kontakt Impressum Datenschutz Home Shopping Mieter\u00fcbersicht Centerpl\u00e4ne News &amp; Events Das Center Team Imagefilm Partner Anfahrt Presse Pressemitteilungen Pressefotos Kontakt Fotoschau &#8222;Menschen mit Behinderung&#8220; vom 5. bis 15. Mai im Rostocker Hof Zum Europ\u00e4ischen Protesttag zur Gleichstellung von Menschen mit Behinderung zeigt der Rostocker Hof vom [&hellip;]<\/p>","protected":false},"author":3,"featured_media":5030,"comment_status":"open","ping_status":"open","sticky":false,"template":"elementor_canvas","format":"standard","meta":[],"categories":[18],"tags":[],"yoast_head":"<!-- This site is optimized with the Yoast SEO plugin v15.9.2 - https:\/\/yoast.com\/wordpress\/plugins\/seo\/ -->\n<title>Fotoschau &quot;Menschen mit Behinderung&quot; vom 5. bis 15. Mai - Galerie Rostocker Hof<\/title>\n<meta name=\"description\" content=\"Zum Europ\u00e4ischen Protesttag zur Gleichstellung von Menschen mit Behinderung zeigt der Rostocker Hof vom 5. bis zum 15. Mai 2026 die Fotoausstellung &quot;Wir sind nicht still&quot;. Er\u00f6ffnet wird die Schau am 5. Mai um 14.00 Uhr durch Rostocks Oberb\u00fcrgermeisterin Eva-Maria Kr\u00f6ger.\" \/>\n<meta name=\"robots\" content=\"index, follow, max-snippet:-1, max-image-preview:large, max-video-preview:-1\" \/>\n<link rel=\"canonical\" href=\"https:\/\/rostocker-hof.de\/en\/fotoausstellung-menschen-mit-behinderung-vom-5-bis-15-mai\/\" \/>\n<meta property=\"og:locale\" content=\"en_GB\" \/>\n<meta property=\"og:type\" content=\"article\" \/>\n<meta property=\"og:title\" content=\"Fotoschau &quot;Menschen mit Behinderung&quot; vom 5. bis 15. Mai - Galerie Rostocker Hof\" \/>\n<meta property=\"og:description\" content=\"Zum Europ\u00e4ischen Protesttag zur Gleichstellung von Menschen mit Behinderung zeigt der Rostocker Hof vom 5. bis zum 15. Mai 2026 die Fotoausstellung &quot;Wir sind nicht still&quot;. Er\u00f6ffnet wird die Schau am 5. Mai um 14.00 Uhr durch Rostocks Oberb\u00fcrgermeisterin Eva-Maria Kr\u00f6ger.\" \/>\n<meta property=\"og:url\" content=\"https:\/\/rostocker-hof.de\/en\/fotoausstellung-menschen-mit-behinderung-vom-5-bis-15-mai\/\" \/>\n<meta property=\"og:site_name\" content=\"Galerie Rostocker Hof\" \/>\n<meta property=\"article:publisher\" content=\"https:\/\/www.facebook.com\/rostockerhof\/\" \/>\n<meta property=\"article:published_time\" content=\"2026-04-27T09:23:10+00:00\" \/>\n<meta property=\"article:modified_time\" content=\"2026-04-27T09:29:15+00:00\" \/>\n<meta property=\"og:image\" content=\"https:\/\/rostocker-hof.de\/wp-content\/uploads\/2026\/04\/Werbetafel-Rostocker-Hof-1080-x-1920-px-e1777282225780.jpg\" \/>\n\t<meta property=\"og:image:width\" content=\"1026\" \/>\n\t<meta property=\"og:image:height\" content=\"656\" \/>\n<meta name=\"twitter:card\" content=\"summary_large_image\" \/>\n<meta name=\"twitter:label1\" content=\"Estimated reading time\">\n\t<meta name=\"twitter:data1\" content=\"1 minute\">\n<script type=\"application\/ld+json\" class=\"yoast-schema-graph\">{\"@context\":\"https:\/\/schema.org\",\"@graph\":[{\"@type\":\"Organization\",\"@id\":\"https:\/\/rostocker-hof.de\/en\/#organization\",\"name\":\"Galerie Rostocker Hof\",\"url\":\"https:\/\/rostocker-hof.de\/en\/\",\"sameAs\":[\"https:\/\/www.facebook.com\/rostockerhof\/\"],\"logo\":{\"@type\":\"ImageObject\",\"@id\":\"https:\/\/rostocker-hof.de\/en\/#logo\",\"inLanguage\":\"en-GB\",\"url\":\"https:\/\/rostocker-hof.de\/wp-content\/uploads\/2020\/07\/RostockerHofLogo-1024x768-1.jpg\",\"width\":1024,\"height\":768,\"caption\":\"Galerie Rostocker Hof\"},\"image\":{\"@id\":\"https:\/\/rostocker-hof.de\/en\/#logo\"}},{\"@type\":\"WebSite\",\"@id\":\"https:\/\/rostocker-hof.de\/en\/#website\",\"url\":\"https:\/\/rostocker-hof.de\/en\/\",\"name\":\"Galerie Rostocker Hof\",\"description\":\"Galerie Rostocker Hof - Shopping-Center - Einkaufen und genie\\u00dfen\",\"publisher\":{\"@id\":\"https:\/\/rostocker-hof.de\/en\/#organization\"},\"potentialAction\":[{\"@type\":\"SearchAction\",\"target\":\"https:\/\/rostocker-hof.de\/en\/?s={search_term_string}\",\"query-input\":\"required name=search_term_string\"}],\"inLanguage\":\"en-GB\"},{\"@type\":\"ImageObject\",\"@id\":\"https:\/\/rostocker-hof.de\/en\/fotoausstellung-menschen-mit-behinderung-vom-5-bis-15-mai\/#primaryimage\",\"inLanguage\":\"en-GB\",\"url\":\"https:\/\/rostocker-hof.de\/wp-content\/uploads\/2026\/04\/Werbetafel-Rostocker-Hof-1080-x-1920-px-e1777282225780.jpg\",\"width\":1026,\"height\":656,\"caption\":\"Werbetafel Rostocker Hof (1080 x 1920 px) - 1\"},{\"@type\":\"WebPage\",\"@id\":\"https:\/\/rostocker-hof.de\/en\/fotoausstellung-menschen-mit-behinderung-vom-5-bis-15-mai\/#webpage\",\"url\":\"https:\/\/rostocker-hof.de\/en\/fotoausstellung-menschen-mit-behinderung-vom-5-bis-15-mai\/\",\"name\":\"Fotoschau \\\"Menschen mit Behinderung\\\" vom 5. bis 15. Mai - Galerie Rostocker Hof\",\"isPartOf\":{\"@id\":\"https:\/\/rostocker-hof.de\/en\/#website\"},\"primaryImageOfPage\":{\"@id\":\"https:\/\/rostocker-hof.de\/en\/fotoausstellung-menschen-mit-behinderung-vom-5-bis-15-mai\/#primaryimage\"},\"datePublished\":\"2026-04-27T09:23:10+00:00\",\"dateModified\":\"2026-04-27T09:29:15+00:00\",\"description\":\"Zum Europ\\u00e4ischen Protesttag zur Gleichstellung von Menschen mit Behinderung zeigt der Rostocker Hof vom 5. bis zum 15. Mai 2026 die Fotoausstellung \\\"Wir sind nicht still\\\". Er\\u00f6ffnet wird die Schau am 5. Mai um 14.00 Uhr durch Rostocks Oberb\\u00fcrgermeisterin Eva-Maria Kr\\u00f6ger.\",\"breadcrumb\":{\"@id\":\"https:\/\/rostocker-hof.de\/en\/fotoausstellung-menschen-mit-behinderung-vom-5-bis-15-mai\/#breadcrumb\"},\"inLanguage\":\"en-GB\",\"potentialAction\":[{\"@type\":\"ReadAction\",\"target\":[\"https:\/\/rostocker-hof.de\/en\/fotoausstellung-menschen-mit-behinderung-vom-5-bis-15-mai\/\"]}]},{\"@type\":\"BreadcrumbList\",\"@id\":\"https:\/\/rostocker-hof.de\/en\/fotoausstellung-menschen-mit-behinderung-vom-5-bis-15-mai\/#breadcrumb\",\"itemListElement\":[{\"@type\":\"ListItem\",\"position\":1,\"item\":{\"@type\":\"WebPage\",\"@id\":\"https:\/\/rostocker-hof.de\/\",\"url\":\"https:\/\/rostocker-hof.de\/\",\"name\":\"Home\"}},{\"@type\":\"ListItem\",\"position\":2,\"item\":{\"@type\":\"WebPage\",\"@id\":\"https:\/\/rostocker-hof.de\/fotoausstellung-menschen-mit-behinderung-vom-5-bis-15-mai\/\",\"url\":\"https:\/\/rostocker-hof.de\/fotoausstellung-menschen-mit-behinderung-vom-5-bis-15-mai\/\",\"name\":\"Fotoschau &#8222;Menschen mit Behinderung&#8220; vom 5. bis 15. Mai\"}}]},{\"@type\":\"Article\",\"@id\":\"https:\/\/rostocker-hof.de\/en\/fotoausstellung-menschen-mit-behinderung-vom-5-bis-15-mai\/#article\",\"isPartOf\":{\"@id\":\"https:\/\/rostocker-hof.de\/en\/fotoausstellung-menschen-mit-behinderung-vom-5-bis-15-mai\/#webpage\"},\"author\":{\"@id\":\"https:\/\/rostocker-hof.de\/en\/#\/schema\/person\/960e160708c527a7f97b434171558368\"},\"headline\":\"Fotoschau &#8222;Menschen mit Behinderung&#8220; vom 5. bis 15. Mai\",\"datePublished\":\"2026-04-27T09:23:10+00:00\",\"dateModified\":\"2026-04-27T09:29:15+00:00\",\"mainEntityOfPage\":{\"@id\":\"https:\/\/rostocker-hof.de\/en\/fotoausstellung-menschen-mit-behinderung-vom-5-bis-15-mai\/#webpage\"},\"commentCount\":0,\"publisher\":{\"@id\":\"https:\/\/rostocker-hof.de\/en\/#organization\"},\"image\":{\"@id\":\"https:\/\/rostocker-hof.de\/en\/fotoausstellung-menschen-mit-behinderung-vom-5-bis-15-mai\/#primaryimage\"},\"articleSection\":\"Nicht kategorisiert\",\"inLanguage\":\"en-GB\",\"potentialAction\":[{\"@type\":\"CommentAction\",\"name\":\"Comment\",\"target\":[\"https:\/\/rostocker-hof.de\/en\/fotoausstellung-menschen-mit-behinderung-vom-5-bis-15-mai\/#respond\"]}]},{\"@type\":\"Person\",\"@id\":\"https:\/\/rostocker-hof.de\/en\/#\/schema\/person\/960e160708c527a7f97b434171558368\",\"name\":\"Anette Pr\\u00f6ber\",\"image\":{\"@type\":\"ImageObject\",\"@id\":\"https:\/\/rostocker-hof.de\/en\/#personlogo\",\"inLanguage\":\"en-GB\",\"url\":\"https:\/\/secure.gravatar.com\/avatar\/5dc653ea38d5e165a14677c25369ec3e?s=96&d=mm&r=g\",\"caption\":\"Anette Pr\\u00f6ber\"}}]}<\/script>\n<!-- \/ Yoast SEO plugin. -->","_links":{"self":[{"href":"https:\/\/rostocker-hof.de\/en\/wp-json\/wp\/v2\/posts\/5029"}],"collection":[{"href":"https:\/\/rostocker-hof.de\/en\/wp-json\/wp\/v2\/posts"}],"about":[{"href":"https:\/\/rostocker-hof.de\/en\/wp-json\/wp\/v2\/types\/post"}],"author":[{"embeddable":true,"href":"https:\/\/rostocker-hof.de\/en\/wp-json\/wp\/v2\/users\/3"}],"replies":[{"embeddable":true,"href":"https:\/\/rostocker-hof.de\/en\/wp-json\/wp\/v2\/comments?post=5029"}],"version-history":[{"count":6,"href":"https:\/\/rostocker-hof.de\/en\/wp-json\/wp\/v2\/posts\/5029\/revisions"}],"predecessor-version":[{"id":5037,"href":"https:\/\/rostocker-hof.de\/en\/wp-json\/wp\/v2\/posts\/5029\/revisions\/5037"}],"wp:featuredmedia":[{"embeddable":true,"href":"https:\/\/rostocker-hof.de\/en\/wp-json\/wp\/v2\/media\/5030"}],"wp:attachment":[{"href":"https:\/\/rostocker-hof.de\/en\/wp-json\/wp\/v2\/media?parent=5029"}],"wp:term":[{"taxonomy":"category","embeddable":true,"href":"https:\/\/rostocker-hof.de\/en\/wp-json\/wp\/v2\/categories?post=5029"},{"taxonomy":"post_tag","embeddable":true,"href":"https:\/\/rostocker-hof.de\/en\/wp-json\/wp\/v2\/tags?post=5029"}],"curies":[{"name":"wp","href":"https:\/\/api.w.org\/{rel}","templated":true}]}}